{"id":4558,"date":"2022-06-03T20:40:09","date_gmt":"2022-06-03T20:40:09","guid":{"rendered":"https:\/\/humanitasbrasilucrania.ong.br\/hbu\/index.php\/2022\/06\/03\/coxa-presta-apoio-a-populacao-ucraniana-2-copy\/"},"modified":"2022-06-24T17:38:03","modified_gmt":"2022-06-24T17:38:03","slug":"a-gerra-na-ucrania-completa-100-dias-hoje","status":"publish","type":"post","link":"https:\/\/humanitasbrasilucrania.ong.br\/hbu\/index.php\/2022\/06\/03\/a-gerra-na-ucrania-completa-100-dias-hoje\/","title":{"rendered":"A Guerra na Ucr\u00e2nia completa 100 dias hoje"},"content":{"rendered":"<header id=\"masthead\" style=\"position: absolute\">\n<h2><a href=\"https:\/\/humanitasbrasilucrania.ong.br\/hbu\/\" rel=\"home\">Humanitas Brasil-Ucr\u00e2nia<\/a><\/h2>\n<p>Humanitas Brazil-Ukraine Brotherhood \u2013 Respect \u2013 Unity \u2013 Action, Humanitas \u0411\u0440\u0430\u0437\u0438\u043b\u0456\u044f-\u0423\u043a\u0440\u0430\u0457\u043d\u0430 \u0411\u0440\u0430\u0442\u0435\u0440\u0441\u0442\u0432\u043e \u2013 \u041f\u043e\u0432\u0430\u0433\u0430 \u2013 \u0421\u043f\u043e\u043b\u0443\u043a\u0430 \u2013 \u0414\u0456\u044f, Humanitas Brasil-Ucr\u00e2nia Fraternidade \u2013 Respeito \u2013 Uni\u00e3o \u2013 A\u00e7\u00e3o<\/p>\n<p><!-- .site-branding --><\/p>\n<nav id=\"site-navigation\">\n<ul id=\"menu-header-menu-2\">\n<li><a href=\"https:\/\/humanitasbrasilucrania.ong.br\/hbu\/index.php\/questionario-para-refugiados-ucraniano\/\">\u0423\u043a\u0440\u0430\u0457\u043d\u0441\u044c\u043a\u0438\u043c \u041c\u0456\u0433\u0440\u0430\u043d\u0442\u0430\u043c<\/a><\/li>\n<li><a href=\"https:\/\/humanitasbrasilucrania.ong.br\/hbu\/index.php\/quem-somos\/\">Quem Somos<\/a>\n<ul>\n<li><a href=\"https:\/\/humanitasbrasilucrania.ong.br\/hbu\/index.php\/transparencia-2\/\">Transpar\u00eancia<\/a><\/li>\n<\/ul>\n<\/li>\n<li><a href=\"https:\/\/humanitasbrasilucrania.ong.br\/hbu\/index.php\/aos-refugiados\/\">Aos refugiados<\/a>\n<ul>\n<li><a href=\"https:\/\/humanitasbrasilucrania.ong.br\/hbu\/index.php\/informacoes-tempo-real\/\">Informa\u00e7\u00f5es em Tempo Real<\/a><\/li>\n<li><a href=\"https:\/\/www.justica.pr.gov.br\/Pagina\/Migrantes-Refugiados-e-Apatridas\">Governo do Paran\u00e1 \u2013 Migrantes, Refugiados e Ap\u00e1tridas<\/a><\/li>\n<li><a href=\"https:\/\/www.gov.br\/mj\/pt-br\/acesso-a-informacao\/perguntas-frequentes\/refugio\/sou-solicitante\">Brasil \u2013 Minist\u00e9rio da Justi\u00e7a e Seguran\u00e7a P\u00fablica<\/a><\/li>\n<li><a href=\"https:\/\/portaldeimigracao.mj.gov.br\/pt\/\">Portal de Imigra\u00e7\u00e3o<\/a><\/li>\n<li><a href=\"http:\/\/kiev.itamaraty.gov.br\/pt-br\/\">Embaixada do Brasil em Kiev<\/a><\/li>\n<li><a href=\"https:\/\/humanitasbrasilucrania.ong.br\/hbu\/index.php\/principais-regras-acolhimento-brasil\/\">Principais Regras de Acolhimento no Brasil<\/a><\/li>\n<\/ul>\n<\/li>\n<li><a href=\"https:\/\/humanitasbrasilucrania.ong.br\/hbu\/index.php\/como-ajudar\/\">Como ajudar<\/a>\n<ul>\n<li><a href=\"https:\/\/humanitasbrasilucrania.ong.br\/hbu\/index.php\/doacao-em-dinheiro\/\">Doa\u00e7\u00e3o em dinheiro<\/a><\/li>\n<li><a href=\"https:\/\/humanitasbrasilucrania.ong.br\/hbu\/index.php\/doacao-primeiros-socorros\/\">Doa\u00e7\u00e3o Primeiros Socorros<\/a><\/li>\n<li><a href=\"https:\/\/bit.ly\/ACOLHEDORES-HUMANITAS-BRASIL-UCRANIA\">Seja um acolhedor<\/a><\/li>\n<li><a href=\"https:\/\/bit.ly\/ADESAO-HUMANITAS-BRASIL-UCRANIA\">Fa\u00e7a parte<\/a><\/li>\n<li><a href=\"https:\/\/humanitasbrasilucrania.ong.br\/hbu\/index.php\/apoiadores\/\">Apoiadores<\/a><\/li>\n<\/ul>\n<\/li>\n<li><a href=\"https:\/\/humanitasbrasilucrania.ong.br\/hbu\/index.php\/painel-informativo\/\">Painel<\/a><\/li>\n<\/ul>\n<\/nav>\n<p><!-- #site-navigation --><br \/>\n<\/header>\n<p>\t\t\t\t\t\t\t\t\t\t\t\t\t\t\t\t<a href=\"https:\/\/humanitasbrasilucrania.ong.br\/hbu\/\"><br \/>\n<img decoding=\"async\" width=\"640\" height=\"265\" src=\"https:\/\/humanitasbrasilucrania.ong.br\/hbu\/wp-content\/uploads\/2022\/03\/humanitas_logo_colorido_horizontal-1024x424.png\" alt=\"\" loading=\"lazy\" srcset=\"https:\/\/humanitasbrasilucrania.ong.br\/hbu\/wp-content\/uploads\/2022\/03\/humanitas_logo_colorido_horizontal-1024x424.png 1024w, https:\/\/humanitasbrasilucrania.ong.br\/hbu\/wp-content\/uploads\/2022\/03\/humanitas_logo_colorido_horizontal-300x124.png 300w, https:\/\/humanitasbrasilucrania.ong.br\/hbu\/wp-content\/uploads\/2022\/03\/humanitas_logo_colorido_horizontal-768x318.png 768w, https:\/\/humanitasbrasilucrania.ong.br\/hbu\/wp-content\/uploads\/2022\/03\/humanitas_logo_colorido_horizontal.png 1200w\" sizes=\"auto, (max-width: 640px) 100vw, 640px\">\t\t\t\t\t\t\t\t<\/a><br \/>\n<img decoding=\"async\" width=\"640\" height=\"640\" src=\"https:\/\/humanitasbrasilucrania.ong.br\/hbu\/wp-content\/uploads\/2022\/06\/WhatsApp-Image-2022-06-03-at-12.27.10-1024x1024.jpeg\" alt=\"\" loading=\"lazy\" srcset=\"https:\/\/humanitasbrasilucrania.ong.br\/hbu\/wp-content\/uploads\/2022\/06\/WhatsApp-Image-2022-06-03-at-12.27.10-1024x1024.jpeg 1024w, https:\/\/humanitasbrasilucrania.ong.br\/hbu\/wp-content\/uploads\/2022\/06\/WhatsApp-Image-2022-06-03-at-12.27.10-300x300.jpeg 300w, https:\/\/humanitasbrasilucrania.ong.br\/hbu\/wp-content\/uploads\/2022\/06\/WhatsApp-Image-2022-06-03-at-12.27.10-150x150.jpeg 150w, https:\/\/humanitasbrasilucrania.ong.br\/hbu\/wp-content\/uploads\/2022\/06\/WhatsApp-Image-2022-06-03-at-12.27.10-768x768.jpeg 768w, https:\/\/humanitasbrasilucrania.ong.br\/hbu\/wp-content\/uploads\/2022\/06\/WhatsApp-Image-2022-06-03-at-12.27.10.jpeg 1280w\" sizes=\"auto, (max-width: 640px) 100vw, 640px\"><\/p>\n<h2>A Guerra na Ucr\u00e2nia completa 100 dias hoje<\/h2>\n<p>A invas\u00e3o promovida por Vladimir Putin contra a Ucr\u00e2nia completa 100 dias nesta sexta-feira (3). Al\u00e9m de solidariedade e ora\u00e7\u00f5es, o povo ucraniano demanda ajuda de todos os tipos.<\/p>\n<p>N\u00f3s, do Comit\u00ea Humanitas Brasil-Ucr\u00e2nia, j\u00e1 promovemos diversas a\u00e7\u00f5es e arrecadamos verbas para ajudar nossos irm\u00e3os.<\/p>\n<p>No m\u00eas passado, fizemos a primeira transfer\u00eancia de valores para a conta corrente humanit\u00e1ria da Embaixada da Ucr\u00e2nia no Brasil, no valor total de R$ 600 mil, resultado da nossa campanha. Continuamos arrecadando verbas para seguir com esta corrente solid\u00e1ria.<\/p>\n<p>Mais de 30 ucranianos tamb\u00e9m j\u00e1 receberam acolhimento e aux\u00edlio do Comit\u00ea. O grupo oferece suporte de todos os tipos aos refugiados.<\/p>\n<p>Al\u00e9m dos refugiados, o Paran\u00e1 deve come\u00e7ar a receber os cientistas ucranianos que far\u00e3o parte de um programa de acolhimento de universidades do estado. O projeto \u00e9 coordenado pelo governo do Paran\u00e1 e tem apoio do Humanitas.<\/p>\n<p>Temos ainda v\u00e1rios eventos programados para arrecadar ajuda de v\u00e1rias frentes. Nossos cadastro de volunt\u00e1rios tamb\u00e9m continua aberto. Continue ligado em nossas redes sociais e no site (https:\/\/humanitasbrasilucrania.ong.br) para tamb\u00e9m fazer parte desta campanha.<\/p>\n<p><strong>Clique no link abaixo e veja no instagram.<\/strong><\/p>\n<p><a href=\"https:\/\/www.instagram.com\/p\/CeWzFDwFVRG\/\" role=\"button\"><br \/>\nConfira no intagram<br \/>\n<\/a><\/p>\n","protected":false},"excerpt":{"rendered":"<p>A invas\u00e3o promovida por Vladimir Putin contra a Ucr\u00e2nia completa 100 dias nesta sexta-feira (3). Al\u00e9m de solidariedade e ora\u00e7\u00f5es, o povo ucraniano demanda ajuda de todos os tipos. <\/p>\n","protected":false},"author":4,"featured_media":4560,"comment_status":"open","ping_status":"closed","sticky":false,"template":"elementor_canvas","format":"standard","meta":{"inline_featured_image":false,"_monsterinsights_skip_tracking":false,"footnotes":""},"categories":[1],"tags":[],"class_list":["post-4558","post","type-post","status-publish","format-standard","has-post-thumbnail","hentry","category-uncategorized"],"yoast_head":"<!-- This site is optimized with the Yoast SEO plugin v18.3 - https:\/\/yoast.com\/wordpress\/plugins\/seo\/ -->\n<title>A Guerra na Ucr\u00e2nia completa 100 dias hoje - Humanitas Brasil-Ucr\u00e2nia<\/title>\n<meta name=\"description\" content=\"Donec eget sagittis. Donec eget sagittis. Donec eget sagittis. Donec eget sagittis. Donec eget sagittis. Donec eget sagittis. Donec eget sagittis. Donec eget sagittis.\" \/>\n<meta name=\"robots\" content=\"index, follow, max-snippet:-1, max-image-preview:large, max-video-preview:-1\" \/>\n<link rel=\"canonical\" href=\"https:\/\/humanitasbrasilucrania.ong.br\/hbu\/index.php\/2022\/06\/03\/a-gerra-na-ucrania-completa-100-dias-hoje\/\" \/>\n<meta property=\"og:locale\" content=\"pt_BR\" \/>\n<meta property=\"og:type\" content=\"article\" \/>\n<meta property=\"og:title\" content=\"A Guerra na Ucr\u00e2nia completa 100 dias hoje - Humanitas Brasil-Ucr\u00e2nia\" \/>\n<meta property=\"og:description\" content=\"Donec eget sagittis. Donec eget sagittis. Donec eget sagittis. Donec eget sagittis. Donec eget sagittis. Donec eget sagittis. Donec eget sagittis. Donec eget sagittis.\" \/>\n<meta property=\"og:url\" content=\"https:\/\/humanitasbrasilucrania.ong.br\/hbu\/index.php\/2022\/06\/03\/a-gerra-na-ucrania-completa-100-dias-hoje\/\" \/>\n<meta property=\"og:site_name\" content=\"Humanitas Brasil-Ucr\u00e2nia\" \/>\n<meta property=\"article:publisher\" content=\"https:\/\/www.facebook.com\/humanitasbrasilucrania\" \/>\n<meta property=\"article:published_time\" content=\"2022-06-03T20:40:09+00:00\" \/>\n<meta property=\"article:modified_time\" content=\"2022-06-24T17:38:03+00:00\" \/>\n<meta property=\"og:image\" content=\"https:\/\/humanitasbrasilucrania.ong.br\/hbu\/wp-content\/uploads\/2022\/06\/WhatsApp-Image-2022-06-03-at-12.27.10.jpeg\" \/>\n\t<meta property=\"og:image:width\" content=\"1280\" \/>\n\t<meta property=\"og:image:height\" content=\"1280\" \/>\n\t<meta property=\"og:image:type\" content=\"image\/jpeg\" \/>\n<meta name=\"twitter:card\" content=\"summary_large_image\" \/>\n<meta name=\"twitter:label1\" content=\"Escrito por\" \/>\n\t<meta name=\"twitter:data1\" content=\"dani_eji0gumb\" \/>\n\t<meta name=\"twitter:label2\" content=\"Est. tempo de leitura\" \/>\n\t<meta name=\"twitter:data2\" content=\"2 minutos\" \/>\n<script type=\"application\/ld+json\" class=\"yoast-schema-graph\">{\"@context\":\"https:\/\/schema.org\",\"@graph\":[{\"@type\":\"Organization\",\"@id\":\"https:\/\/humanitasbrasilucrania.ong.br\/hbu\/#organization\",\"name\":\"Humanitas Brasil-Ucr\u00e2nia\",\"url\":\"https:\/\/humanitasbrasilucrania.ong.br\/hbu\/\",\"sameAs\":[\"https:\/\/www.facebook.com\/humanitasbrasilucrania\",\"https:\/\/www.instagram.com\/humanitasbrasilucrania\/\"],\"logo\":{\"@type\":\"ImageObject\",\"@id\":\"https:\/\/humanitasbrasilucrania.ong.br\/hbu\/#logo\",\"inLanguage\":\"pt-BR\",\"url\":\"https:\/\/humanitasbrasilucrania.ong.br\/hbu\/wp-content\/uploads\/2022\/03\/humanitas_logo_colorido_horizontal.png\",\"contentUrl\":\"https:\/\/humanitasbrasilucrania.ong.br\/hbu\/wp-content\/uploads\/2022\/03\/humanitas_logo_colorido_horizontal.png\",\"width\":1200,\"height\":497,\"caption\":\"Humanitas Brasil-Ucr\u00e2nia\"},\"image\":{\"@id\":\"https:\/\/humanitasbrasilucrania.ong.br\/hbu\/#logo\"}},{\"@type\":\"WebSite\",\"@id\":\"https:\/\/humanitasbrasilucrania.ong.br\/hbu\/#website\",\"url\":\"https:\/\/humanitasbrasilucrania.ong.br\/hbu\/\",\"name\":\"Humanitas Brasil-Ucr\u00e2nia\",\"description\":\"Humanitas Brazil-Ukraine Brotherhood - Respect - Unity - Action, Humanitas \u0411\u0440\u0430\u0437\u0438\u043b\u0456\u044f-\u0423\u043a\u0440\u0430\u0457\u043d\u0430 \u0411\u0440\u0430\u0442\u0435\u0440\u0441\u0442\u0432\u043e - \u041f\u043e\u0432\u0430\u0433\u0430 - \u0421\u043f\u043e\u043b\u0443\u043a\u0430 - \u0414\u0456\u044f, Humanitas Brasil-Ucr\u00e2nia Fraternidade - Respeito - Uni\u00e3o - A\u00e7\u00e3o\",\"publisher\":{\"@id\":\"https:\/\/humanitasbrasilucrania.ong.br\/hbu\/#organization\"},\"potentialAction\":[{\"@type\":\"SearchAction\",\"target\":{\"@type\":\"EntryPoint\",\"urlTemplate\":\"https:\/\/humanitasbrasilucrania.ong.br\/hbu\/?s={search_term_string}\"},\"query-input\":\"required name=search_term_string\"}],\"inLanguage\":\"pt-BR\"},{\"@type\":\"ImageObject\",\"@id\":\"https:\/\/humanitasbrasilucrania.ong.br\/hbu\/index.php\/2022\/06\/03\/a-gerra-na-ucrania-completa-100-dias-hoje\/#primaryimage\",\"inLanguage\":\"pt-BR\",\"url\":\"https:\/\/humanitasbrasilucrania.ong.br\/hbu\/wp-content\/uploads\/2022\/06\/WhatsApp-Image-2022-06-03-at-12.27.10.jpeg\",\"contentUrl\":\"https:\/\/humanitasbrasilucrania.ong.br\/hbu\/wp-content\/uploads\/2022\/06\/WhatsApp-Image-2022-06-03-at-12.27.10.jpeg\",\"width\":1280,\"height\":1280},{\"@type\":\"WebPage\",\"@id\":\"https:\/\/humanitasbrasilucrania.ong.br\/hbu\/index.php\/2022\/06\/03\/a-gerra-na-ucrania-completa-100-dias-hoje\/#webpage\",\"url\":\"https:\/\/humanitasbrasilucrania.ong.br\/hbu\/index.php\/2022\/06\/03\/a-gerra-na-ucrania-completa-100-dias-hoje\/\",\"name\":\"A Guerra na Ucr\u00e2nia completa 100 dias hoje - Humanitas Brasil-Ucr\u00e2nia\",\"isPartOf\":{\"@id\":\"https:\/\/humanitasbrasilucrania.ong.br\/hbu\/#website\"},\"primaryImageOfPage\":{\"@id\":\"https:\/\/humanitasbrasilucrania.ong.br\/hbu\/index.php\/2022\/06\/03\/a-gerra-na-ucrania-completa-100-dias-hoje\/#primaryimage\"},\"datePublished\":\"2022-06-03T20:40:09+00:00\",\"dateModified\":\"2022-06-24T17:38:03+00:00\",\"description\":\"Donec eget sagittis. Donec eget sagittis. Donec eget sagittis. Donec eget sagittis. Donec eget sagittis. Donec eget sagittis. Donec eget sagittis. Donec eget sagittis.\",\"breadcrumb\":{\"@id\":\"https:\/\/humanitasbrasilucrania.ong.br\/hbu\/index.php\/2022\/06\/03\/a-gerra-na-ucrania-completa-100-dias-hoje\/#breadcrumb\"},\"inLanguage\":\"pt-BR\",\"potentialAction\":[{\"@type\":\"ReadAction\",\"target\":[\"https:\/\/humanitasbrasilucrania.ong.br\/hbu\/index.php\/2022\/06\/03\/a-gerra-na-ucrania-completa-100-dias-hoje\/\"]}]},{\"@type\":\"BreadcrumbList\",\"@id\":\"https:\/\/humanitasbrasilucrania.ong.br\/hbu\/index.php\/2022\/06\/03\/a-gerra-na-ucrania-completa-100-dias-hoje\/#breadcrumb\",\"itemListElement\":[{\"@type\":\"ListItem\",\"position\":1,\"name\":\"In\u00edcio\",\"item\":\"https:\/\/humanitasbrasilucrania.ong.br\/hbu\/\"},{\"@type\":\"ListItem\",\"position\":2,\"name\":\"A Guerra na Ucr\u00e2nia completa 100 dias hoje\"}]},{\"@type\":\"Article\",\"@id\":\"https:\/\/humanitasbrasilucrania.ong.br\/hbu\/index.php\/2022\/06\/03\/a-gerra-na-ucrania-completa-100-dias-hoje\/#article\",\"isPartOf\":{\"@id\":\"https:\/\/humanitasbrasilucrania.ong.br\/hbu\/index.php\/2022\/06\/03\/a-gerra-na-ucrania-completa-100-dias-hoje\/#webpage\"},\"author\":{\"@id\":\"https:\/\/humanitasbrasilucrania.ong.br\/hbu\/#\/schema\/person\/a0d3c1a8632a75d18f7141f80cc527ce\"},\"headline\":\"A Guerra na Ucr\u00e2nia completa 100 dias hoje\",\"datePublished\":\"2022-06-03T20:40:09+00:00\",\"dateModified\":\"2022-06-24T17:38:03+00:00\",\"mainEntityOfPage\":{\"@id\":\"https:\/\/humanitasbrasilucrania.ong.br\/hbu\/index.php\/2022\/06\/03\/a-gerra-na-ucrania-completa-100-dias-hoje\/#webpage\"},\"wordCount\":309,\"commentCount\":0,\"publisher\":{\"@id\":\"https:\/\/humanitasbrasilucrania.ong.br\/hbu\/#organization\"},\"image\":{\"@id\":\"https:\/\/humanitasbrasilucrania.ong.br\/hbu\/index.php\/2022\/06\/03\/a-gerra-na-ucrania-completa-100-dias-hoje\/#primaryimage\"},\"thumbnailUrl\":\"https:\/\/humanitasbrasilucrania.ong.br\/hbu\/wp-content\/uploads\/2022\/06\/WhatsApp-Image-2022-06-03-at-12.27.10.jpeg\",\"articleSection\":[\"Uncategorized\"],\"inLanguage\":\"pt-BR\",\"potentialAction\":[{\"@type\":\"CommentAction\",\"name\":\"Comment\",\"target\":[\"https:\/\/humanitasbrasilucrania.ong.br\/hbu\/index.php\/2022\/06\/03\/a-gerra-na-ucrania-completa-100-dias-hoje\/#respond\"]}]},{\"@type\":\"Person\",\"@id\":\"https:\/\/humanitasbrasilucrania.ong.br\/hbu\/#\/schema\/person\/a0d3c1a8632a75d18f7141f80cc527ce\",\"name\":\"dani_eji0gumb\",\"image\":{\"@type\":\"ImageObject\",\"@id\":\"https:\/\/humanitasbrasilucrania.ong.br\/hbu\/#personlogo\",\"inLanguage\":\"pt-BR\",\"url\":\"https:\/\/secure.gravatar.com\/avatar\/ab84896c903767c065a76ffa012627175c2fd656b6ddc6d7ff42857bbbc36b5d?s=96&d=mm&r=g\",\"contentUrl\":\"https:\/\/secure.gravatar.com\/avatar\/ab84896c903767c065a76ffa012627175c2fd656b6ddc6d7ff42857bbbc36b5d?s=96&d=mm&r=g\",\"caption\":\"dani_eji0gumb\"},\"url\":\"https:\/\/humanitasbrasilucrania.ong.br\/hbu\/index.php\/author\/dani_eji0gumb\/\"}]}<\/script>\n<!-- \/ Yoast SEO plugin. -->","yoast_head_json":{"title":"A Guerra na Ucr\u00e2nia completa 100 dias hoje - Humanitas Brasil-Ucr\u00e2nia","description":"Donec eget sagittis. Donec eget sagittis. Donec eget sagittis. Donec eget sagittis. Donec eget sagittis. Donec eget sagittis. Donec eget sagittis. Donec eget sagittis.","robots":{"index":"index","follow":"follow","max-snippet":"max-snippet:-1","max-image-preview":"max-image-preview:large","max-video-preview":"max-video-preview:-1"},"canonical":"https:\/\/humanitasbrasilucrania.ong.br\/hbu\/index.php\/2022\/06\/03\/a-gerra-na-ucrania-completa-100-dias-hoje\/","og_locale":"pt_BR","og_type":"article","og_title":"A Guerra na Ucr\u00e2nia completa 100 dias hoje - Humanitas Brasil-Ucr\u00e2nia","og_description":"Donec eget sagittis. Donec eget sagittis. Donec eget sagittis. Donec eget sagittis. Donec eget sagittis. Donec eget sagittis. Donec eget sagittis. Donec eget sagittis.","og_url":"https:\/\/humanitasbrasilucrania.ong.br\/hbu\/index.php\/2022\/06\/03\/a-gerra-na-ucrania-completa-100-dias-hoje\/","og_site_name":"Humanitas Brasil-Ucr\u00e2nia","article_publisher":"https:\/\/www.facebook.com\/humanitasbrasilucrania","article_published_time":"2022-06-03T20:40:09+00:00","article_modified_time":"2022-06-24T17:38:03+00:00","og_image":[{"width":1280,"height":1280,"url":"https:\/\/humanitasbrasilucrania.ong.br\/hbu\/wp-content\/uploads\/2022\/06\/WhatsApp-Image-2022-06-03-at-12.27.10.jpeg","type":"image\/jpeg"}],"twitter_card":"summary_large_image","twitter_misc":{"Escrito por":"dani_eji0gumb","Est. tempo de leitura":"2 minutos"},"schema":{"@context":"https:\/\/schema.org","@graph":[{"@type":"Organization","@id":"https:\/\/humanitasbrasilucrania.ong.br\/hbu\/#organization","name":"Humanitas Brasil-Ucr\u00e2nia","url":"https:\/\/humanitasbrasilucrania.ong.br\/hbu\/","sameAs":["https:\/\/www.facebook.com\/humanitasbrasilucrania","https:\/\/www.instagram.com\/humanitasbrasilucrania\/"],"logo":{"@type":"ImageObject","@id":"https:\/\/humanitasbrasilucrania.ong.br\/hbu\/#logo","inLanguage":"pt-BR","url":"https:\/\/humanitasbrasilucrania.ong.br\/hbu\/wp-content\/uploads\/2022\/03\/humanitas_logo_colorido_horizontal.png","contentUrl":"https:\/\/humanitasbrasilucrania.ong.br\/hbu\/wp-content\/uploads\/2022\/03\/humanitas_logo_colorido_horizontal.png","width":1200,"height":497,"caption":"Humanitas Brasil-Ucr\u00e2nia"},"image":{"@id":"https:\/\/humanitasbrasilucrania.ong.br\/hbu\/#logo"}},{"@type":"WebSite","@id":"https:\/\/humanitasbrasilucrania.ong.br\/hbu\/#website","url":"https:\/\/humanitasbrasilucrania.ong.br\/hbu\/","name":"Humanitas Brasil-Ucr\u00e2nia","description":"Humanitas Brazil-Ukraine Brotherhood - Respect - Unity - Action, Humanitas \u0411\u0440\u0430\u0437\u0438\u043b\u0456\u044f-\u0423\u043a\u0440\u0430\u0457\u043d\u0430 \u0411\u0440\u0430\u0442\u0435\u0440\u0441\u0442\u0432\u043e - \u041f\u043e\u0432\u0430\u0433\u0430 - \u0421\u043f\u043e\u043b\u0443\u043a\u0430 - \u0414\u0456\u044f, Humanitas Brasil-Ucr\u00e2nia Fraternidade - Respeito - Uni\u00e3o - A\u00e7\u00e3o","publisher":{"@id":"https:\/\/humanitasbrasilucrania.ong.br\/hbu\/#organization"},"potentialAction":[{"@type":"SearchAction","target":{"@type":"EntryPoint","urlTemplate":"https:\/\/humanitasbrasilucrania.ong.br\/hbu\/?s={search_term_string}"},"query-input":"required name=search_term_string"}],"inLanguage":"pt-BR"},{"@type":"ImageObject","@id":"https:\/\/humanitasbrasilucrania.ong.br\/hbu\/index.php\/2022\/06\/03\/a-gerra-na-ucrania-completa-100-dias-hoje\/#primaryimage","inLanguage":"pt-BR","url":"https:\/\/humanitasbrasilucrania.ong.br\/hbu\/wp-content\/uploads\/2022\/06\/WhatsApp-Image-2022-06-03-at-12.27.10.jpeg","contentUrl":"https:\/\/humanitasbrasilucrania.ong.br\/hbu\/wp-content\/uploads\/2022\/06\/WhatsApp-Image-2022-06-03-at-12.27.10.jpeg","width":1280,"height":1280},{"@type":"WebPage","@id":"https:\/\/humanitasbrasilucrania.ong.br\/hbu\/index.php\/2022\/06\/03\/a-gerra-na-ucrania-completa-100-dias-hoje\/#webpage","url":"https:\/\/humanitasbrasilucrania.ong.br\/hbu\/index.php\/2022\/06\/03\/a-gerra-na-ucrania-completa-100-dias-hoje\/","name":"A Guerra na Ucr\u00e2nia completa 100 dias hoje - Humanitas Brasil-Ucr\u00e2nia","isPartOf":{"@id":"https:\/\/humanitasbrasilucrania.ong.br\/hbu\/#website"},"primaryImageOfPage":{"@id":"https:\/\/humanitasbrasilucrania.ong.br\/hbu\/index.php\/2022\/06\/03\/a-gerra-na-ucrania-completa-100-dias-hoje\/#primaryimage"},"datePublished":"2022-06-03T20:40:09+00:00","dateModified":"2022-06-24T17:38:03+00:00","description":"Donec eget sagittis. Donec eget sagittis. Donec eget sagittis. Donec eget sagittis. Donec eget sagittis. Donec eget sagittis. Donec eget sagittis. Donec eget sagittis.","breadcrumb":{"@id":"https:\/\/humanitasbrasilucrania.ong.br\/hbu\/index.php\/2022\/06\/03\/a-gerra-na-ucrania-completa-100-dias-hoje\/#breadcrumb"},"inLanguage":"pt-BR","potentialAction":[{"@type":"ReadAction","target":["https:\/\/humanitasbrasilucrania.ong.br\/hbu\/index.php\/2022\/06\/03\/a-gerra-na-ucrania-completa-100-dias-hoje\/"]}]},{"@type":"BreadcrumbList","@id":"https:\/\/humanitasbrasilucrania.ong.br\/hbu\/index.php\/2022\/06\/03\/a-gerra-na-ucrania-completa-100-dias-hoje\/#breadcrumb","itemListElement":[{"@type":"ListItem","position":1,"name":"In\u00edcio","item":"https:\/\/humanitasbrasilucrania.ong.br\/hbu\/"},{"@type":"ListItem","position":2,"name":"A Guerra na Ucr\u00e2nia completa 100 dias hoje"}]},{"@type":"Article","@id":"https:\/\/humanitasbrasilucrania.ong.br\/hbu\/index.php\/2022\/06\/03\/a-gerra-na-ucrania-completa-100-dias-hoje\/#article","isPartOf":{"@id":"https:\/\/humanitasbrasilucrania.ong.br\/hbu\/index.php\/2022\/06\/03\/a-gerra-na-ucrania-completa-100-dias-hoje\/#webpage"},"author":{"@id":"https:\/\/humanitasbrasilucrania.ong.br\/hbu\/#\/schema\/person\/a0d3c1a8632a75d18f7141f80cc527ce"},"headline":"A Guerra na Ucr\u00e2nia completa 100 dias hoje","datePublished":"2022-06-03T20:40:09+00:00","dateModified":"2022-06-24T17:38:03+00:00","mainEntityOfPage":{"@id":"https:\/\/humanitasbrasilucrania.ong.br\/hbu\/index.php\/2022\/06\/03\/a-gerra-na-ucrania-completa-100-dias-hoje\/#webpage"},"wordCount":309,"commentCount":0,"publisher":{"@id":"https:\/\/humanitasbrasilucrania.ong.br\/hbu\/#organization"},"image":{"@id":"https:\/\/humanitasbrasilucrania.ong.br\/hbu\/index.php\/2022\/06\/03\/a-gerra-na-ucrania-completa-100-dias-hoje\/#primaryimage"},"thumbnailUrl":"https:\/\/humanitasbrasilucrania.ong.br\/hbu\/wp-content\/uploads\/2022\/06\/WhatsApp-Image-2022-06-03-at-12.27.10.jpeg","articleSection":["Uncategorized"],"inLanguage":"pt-BR","potentialAction":[{"@type":"CommentAction","name":"Comment","target":["https:\/\/humanitasbrasilucrania.ong.br\/hbu\/index.php\/2022\/06\/03\/a-gerra-na-ucrania-completa-100-dias-hoje\/#respond"]}]},{"@type":"Person","@id":"https:\/\/humanitasbrasilucrania.ong.br\/hbu\/#\/schema\/person\/a0d3c1a8632a75d18f7141f80cc527ce","name":"dani_eji0gumb","image":{"@type":"ImageObject","@id":"https:\/\/humanitasbrasilucrania.ong.br\/hbu\/#personlogo","inLanguage":"pt-BR","url":"https:\/\/secure.gravatar.com\/avatar\/ab84896c903767c065a76ffa012627175c2fd656b6ddc6d7ff42857bbbc36b5d?s=96&d=mm&r=g","contentUrl":"https:\/\/secure.gravatar.com\/avatar\/ab84896c903767c065a76ffa012627175c2fd656b6ddc6d7ff42857bbbc36b5d?s=96&d=mm&r=g","caption":"dani_eji0gumb"},"url":"https:\/\/humanitasbrasilucrania.ong.br\/hbu\/index.php\/author\/dani_eji0gumb\/"}]}},"jetpack_featured_media_url":"https:\/\/humanitasbrasilucrania.ong.br\/hbu\/wp-content\/uploads\/2022\/06\/WhatsApp-Image-2022-06-03-at-12.27.10.jpeg","_links":{"self":[{"href":"https:\/\/humanitasbrasilucrania.ong.br\/hbu\/index.php\/wp-json\/wp\/v2\/posts\/4558","targetHints":{"allow":["GET"]}}],"collection":[{"href":"https:\/\/humanitasbrasilucrania.ong.br\/hbu\/index.php\/wp-json\/wp\/v2\/posts"}],"about":[{"href":"https:\/\/humanitasbrasilucrania.ong.br\/hbu\/index.php\/wp-json\/wp\/v2\/types\/post"}],"author":[{"embeddable":true,"href":"https:\/\/humanitasbrasilucrania.ong.br\/hbu\/index.php\/wp-json\/wp\/v2\/users\/4"}],"replies":[{"embeddable":true,"href":"https:\/\/humanitasbrasilucrania.ong.br\/hbu\/index.php\/wp-json\/wp\/v2\/comments?post=4558"}],"version-history":[{"count":9,"href":"https:\/\/humanitasbrasilucrania.ong.br\/hbu\/index.php\/wp-json\/wp\/v2\/posts\/4558\/revisions"}],"predecessor-version":[{"id":4572,"href":"https:\/\/humanitasbrasilucrania.ong.br\/hbu\/index.php\/wp-json\/wp\/v2\/posts\/4558\/revisions\/4572"}],"wp:featuredmedia":[{"embeddable":true,"href":"https:\/\/humanitasbrasilucrania.ong.br\/hbu\/index.php\/wp-json\/wp\/v2\/media\/4560"}],"wp:attachment":[{"href":"https:\/\/humanitasbrasilucrania.ong.br\/hbu\/index.php\/wp-json\/wp\/v2\/media?parent=4558"}],"wp:term":[{"taxonomy":"category","embeddable":true,"href":"https:\/\/humanitasbrasilucrania.ong.br\/hbu\/index.php\/wp-json\/wp\/v2\/categories?post=4558"},{"taxonomy":"post_tag","embeddable":true,"href":"https:\/\/humanitasbrasilucrania.ong.br\/hbu\/index.php\/wp-json\/wp\/v2\/tags?post=4558"}],"curies":[{"name":"wp","href":"https:\/\/api.w.org\/{rel}","templated":true}]}}