{"id":4513,"date":"2022-05-30T22:48:47","date_gmt":"2022-05-30T22:48:47","guid":{"rendered":"https:\/\/humanitasbrasilucrania.ong.br\/hbu\/index.php\/2022\/05\/30\/mais-de-30-ucranianos-ja-receberam-acolhimento-e-auxilio-do-comite-humanitas-brasil-ucrania-copy\/"},"modified":"2022-05-30T22:53:33","modified_gmt":"2022-05-30T22:53:33","slug":"ufpr-divulga-edital-para-revalidacao-de-diplomas-de-migrantes-e-refugiados","status":"publish","type":"post","link":"https:\/\/humanitasbrasilucrania.ong.br\/hbu\/index.php\/2022\/05\/30\/ufpr-divulga-edital-para-revalidacao-de-diplomas-de-migrantes-e-refugiados\/","title":{"rendered":"UFPR divulga edital para revalida\u00e7\u00e3o de diplomas de migrantes e refugiados"},"content":{"rendered":"\t\t<div data-elementor-type=\"wp-post\" data-elementor-id=\"4513\" class=\"elementor elementor-4513\">\n\t\t\t\t\t\t\t\t\t<section class=\"elementor-section elementor-top-section elementor-element elementor-element-e08235b elementor-section-full_width elementor-section-height-default elementor-section-height-default\" data-id=\"e08235b\" data-element_type=\"section\">\n\t\t\t\t\t\t<div class=\"elementor-container elementor-column-gap-default\">\n\t\t\t\t\t<div class=\"elementor-column elementor-col-100 elementor-top-column elementor-element elementor-element-0a4360e\" data-id=\"0a4360e\" data-element_type=\"column\">\n\t\t\t<div class=\"elementor-widget-wrap elementor-element-populated\">\n\t\t\t\t\t\t\t\t<div class=\"elementor-element elementor-element-cca7473 elementor-widget elementor-widget-spacer\" data-id=\"cca7473\" data-element_type=\"widget\" data-widget_type=\"spacer.default\">\n\t\t\t\t<div class=\"elementor-widget-container\">\n\t\t\t<style>\/*! elementor - v3.6.4 - 13-04-2022 *\/\n.e-container.e-container--row .elementor-spacer-inner{width:var(--spacer-size)}.e-container.e-container--column .elementor-spacer-inner,.elementor-column .elementor-spacer-inner{height:var(--spacer-size)}<\/style>\t\t<div class=\"elementor-spacer\">\n\t\t\t<div class=\"elementor-spacer-inner\"><\/div>\n\t\t<\/div>\n\t\t\t\t<\/div>\n\t\t\t\t<\/div>\n\t\t\t\t<div class=\"elementor-element elementor-element-bd71e0a elementor-widget elementor-widget-picwik-header\" data-id=\"bd71e0a\" data-element_type=\"widget\" data-widget_type=\"picwik-header.default\">\n\t\t\t\t<div class=\"elementor-widget-container\">\n\t\t\t\r\n<header id=\"masthead\" class=\"site-header\" style=\"position: absolute\">\r\n  <div class=\"container\" style=\"max-width: 1200px\">\r\n    <div class=\"row\">\r\n      <div class=\"col-md-3\">\r\n                  <div class=\"site-branding\">\r\n\r\n                          <h2 class=\"site-title\"><a href=\"https:\/\/humanitasbrasilucrania.ong.br\/hbu\/\" rel=\"home\">Humanitas Brasil-Ucr\u00e2nia<\/a><\/h2>\r\n                          <p class=\"site-description\">Humanitas Brazil-Ukraine Brotherhood &#8211; Respect &#8211; Unity &#8211; Action, Humanitas \u0411\u0440\u0430\u0437\u0438\u043b\u0456\u044f-\u0423\u043a\u0440\u0430\u0457\u043d\u0430 \u0411\u0440\u0430\u0442\u0435\u0440\u0441\u0442\u0432\u043e &#8211; \u041f\u043e\u0432\u0430\u0433\u0430 &#8211; \u0421\u043f\u043e\u043b\u0443\u043a\u0430 &#8211; \u0414\u0456\u044f, Humanitas Brasil-Ucr\u00e2nia Fraternidade &#8211; Respeito &#8211; Uni\u00e3o &#8211; A\u00e7\u00e3o<\/p>\r\n                      <\/div><!-- .site-branding -->\r\n              <\/div>\r\n      <div class=\"col-md-9\">\r\n        <nav id=\"site-navigation\" class=\"main-navigation\">\r\n          <div class=\"d-flex align-items-center h-100 justify-content-end\">\r\n            <div class=\"menu-header-menu-container\"><ul id=\"menu-header-menu\" class=\"menu\"><li id=\"menu-item-3960\" class=\"menu-item menu-item-type-post_type menu-item-object-page menu-item-3960\"><a href=\"https:\/\/humanitasbrasilucrania.ong.br\/hbu\/index.php\/questionario-para-refugiados-ucraniano\/\">\u0423\u043a\u0440\u0430\u0457\u043d\u0441\u044c\u043a\u0438\u043c \u041c\u0456\u0433\u0440\u0430\u043d\u0442\u0430\u043c<\/a><\/li>\n<li id=\"menu-item-3297\" class=\"menu-item menu-item-type-post_type menu-item-object-page menu-item-has-children menu-item-3297\"><a href=\"https:\/\/humanitasbrasilucrania.ong.br\/hbu\/index.php\/quem-somos\/\">Quem Somos<\/a>\n<ul class=\"sub-menu\">\n\t<li id=\"menu-item-3492\" class=\"menu-item menu-item-type-post_type menu-item-object-page menu-item-3492\"><a href=\"https:\/\/humanitasbrasilucrania.ong.br\/hbu\/index.php\/transparencia-2\/\">Transpar\u00eancia<\/a><\/li>\n<\/ul>\n<\/li>\n<li id=\"menu-item-3314\" class=\"menu-item menu-item-type-post_type menu-item-object-page menu-item-has-children menu-item-3314\"><a href=\"https:\/\/humanitasbrasilucrania.ong.br\/hbu\/index.php\/aos-refugiados\/\">Aos refugiados<\/a>\n<ul class=\"sub-menu\">\n\t<li id=\"menu-item-3662\" class=\"menu-item menu-item-type-custom menu-item-object-custom menu-item-3662\"><a href=\"https:\/\/humanitasbrasilucrania.ong.br\/hbu\/index.php\/informacoes-tempo-real\/\">Informa\u00e7\u00f5es em Tempo Real<\/a><\/li>\n\t<li id=\"menu-item-3663\" class=\"menu-item menu-item-type-custom menu-item-object-custom menu-item-3663\"><a href=\"https:\/\/www.justica.pr.gov.br\/Pagina\/Migrantes-Refugiados-e-Apatridas\">Governo do Paran\u00e1 &#8211; Migrantes, Refugiados e Ap\u00e1tridas<\/a><\/li>\n\t<li id=\"menu-item-3664\" class=\"menu-item menu-item-type-custom menu-item-object-custom menu-item-3664\"><a href=\"https:\/\/www.gov.br\/mj\/pt-br\/acesso-a-informacao\/perguntas-frequentes\/refugio\/sou-solicitante\">Brasil \u2013 Minist\u00e9rio da Justi\u00e7a e Seguran\u00e7a P\u00fablica<\/a><\/li>\n\t<li id=\"menu-item-3665\" class=\"menu-item menu-item-type-custom menu-item-object-custom menu-item-3665\"><a href=\"https:\/\/portaldeimigracao.mj.gov.br\/pt\/\">Portal de Imigra\u00e7\u00e3o<\/a><\/li>\n\t<li id=\"menu-item-3666\" class=\"menu-item menu-item-type-custom menu-item-object-custom menu-item-3666\"><a href=\"http:\/\/kiev.itamaraty.gov.br\/pt-br\/\">Embaixada do Brasil em Kiev<\/a><\/li>\n\t<li id=\"menu-item-4393\" class=\"menu-item menu-item-type-post_type menu-item-object-page menu-item-4393\"><a href=\"https:\/\/humanitasbrasilucrania.ong.br\/hbu\/index.php\/principais-regras-acolhimento-brasil\/\">Principais Regras de Acolhimento no Brasil<\/a><\/li>\n<\/ul>\n<\/li>\n<li id=\"menu-item-3320\" class=\"menu-item menu-item-type-post_type menu-item-object-page menu-item-has-children menu-item-3320\"><a href=\"https:\/\/humanitasbrasilucrania.ong.br\/hbu\/index.php\/como-ajudar\/\">Como ajudar<\/a>\n<ul class=\"sub-menu\">\n\t<li id=\"menu-item-3413\" class=\"menu-item menu-item-type-post_type menu-item-object-page menu-item-3413\"><a href=\"https:\/\/humanitasbrasilucrania.ong.br\/hbu\/index.php\/doacao-em-dinheiro\/\">Doa\u00e7\u00e3o em dinheiro<\/a><\/li>\n\t<li id=\"menu-item-3469\" class=\"menu-item menu-item-type-post_type menu-item-object-page menu-item-3469\"><a href=\"https:\/\/humanitasbrasilucrania.ong.br\/hbu\/index.php\/doacao-primeiros-socorros\/\">Doa\u00e7\u00e3o Primeiros Socorros<\/a><\/li>\n\t<li id=\"menu-item-3483\" class=\"menu-item menu-item-type-custom menu-item-object-custom menu-item-3483\"><a href=\"https:\/\/bit.ly\/ACOLHEDORES-HUMANITAS-BRASIL-UCRANIA\">Seja um acolhedor<\/a><\/li>\n\t<li id=\"menu-item-4111\" class=\"menu-item menu-item-type-custom menu-item-object-custom menu-item-4111\"><a href=\"https:\/\/bit.ly\/ADESAO-HUMANITAS-BRASIL-UCRANIA\">Fa\u00e7a parte<\/a><\/li>\n\t<li id=\"menu-item-3396\" class=\"menu-item menu-item-type-post_type menu-item-object-page menu-item-3396\"><a href=\"https:\/\/humanitasbrasilucrania.ong.br\/hbu\/index.php\/apoiadores\/\">Apoiadores<\/a><\/li>\n<\/ul>\n<\/li>\n<li id=\"menu-item-4145\" class=\"menu-item menu-item-type-post_type menu-item-object-page menu-item-4145\"><a href=\"https:\/\/humanitasbrasilucrania.ong.br\/hbu\/index.php\/painel-informativo\/\">Painel<\/a><\/li>\n<\/ul><\/div>          <\/div>\r\n        <\/nav><!-- #site-navigation -->\r\n      <\/div>\r\n    <\/div>\r\n  <\/div>\r\n<\/header>\t\t<\/div>\n\t\t\t\t<\/div>\n\t\t\t\t\t<\/div>\n\t\t<\/div>\n\t\t\t\t\t\t\t<\/div>\n\t\t<\/section>\n\t\t\t\t<section class=\"elementor-section elementor-top-section elementor-element elementor-element-29587fd elementor-section-boxed elementor-section-height-default elementor-section-height-default\" data-id=\"29587fd\" data-element_type=\"section\">\n\t\t\t\t\t\t<div class=\"elementor-container elementor-column-gap-default\">\n\t\t\t\t\t<div class=\"elementor-column elementor-col-100 elementor-top-column elementor-element elementor-element-2b14797\" data-id=\"2b14797\" data-element_type=\"column\">\n\t\t\t<div class=\"elementor-widget-wrap\">\n\t\t\t\t\t\t\t\t\t<\/div>\n\t\t<\/div>\n\t\t\t\t\t\t\t<\/div>\n\t\t<\/section>\n\t\t\t\t<section class=\"elementor-section elementor-top-section elementor-element elementor-element-284f0fe elementor-section-boxed elementor-section-height-default elementor-section-height-default\" data-id=\"284f0fe\" data-element_type=\"section\">\n\t\t\t\t\t\t<div class=\"elementor-container elementor-column-gap-default\">\n\t\t\t\t\t<div class=\"elementor-column elementor-col-50 elementor-top-column elementor-element elementor-element-ff73052\" data-id=\"ff73052\" data-element_type=\"column\">\n\t\t\t<div class=\"elementor-widget-wrap elementor-element-populated\">\n\t\t\t\t\t\t\t\t<div class=\"elementor-element elementor-element-99e4dcc elementor-widget elementor-widget-image\" data-id=\"99e4dcc\" data-element_type=\"widget\" data-widget_type=\"image.default\">\n\t\t\t\t<div class=\"elementor-widget-container\">\n\t\t\t<style>\/*! elementor - v3.6.4 - 13-04-2022 *\/\n.elementor-widget-image{text-align:center}.elementor-widget-image a{display:inline-block}.elementor-widget-image a img[src$=\".svg\"]{width:48px}.elementor-widget-image img{vertical-align:middle;display:inline-block}<\/style>\t\t\t\t\t\t\t\t\t\t\t\t\t<a href=\"https:\/\/humanitasbrasilucrania.ong.br\/hbu\/\">\n\t\t\t\t\t\t\t<img loading=\"lazy\" decoding=\"async\" width=\"640\" height=\"265\" src=\"https:\/\/humanitasbrasilucrania.ong.br\/hbu\/wp-content\/uploads\/2022\/03\/humanitas_logo_colorido_horizontal-1024x424.png\" class=\"attachment-large size-large\" alt=\"\" srcset=\"https:\/\/humanitasbrasilucrania.ong.br\/hbu\/wp-content\/uploads\/2022\/03\/humanitas_logo_colorido_horizontal-1024x424.png 1024w, https:\/\/humanitasbrasilucrania.ong.br\/hbu\/wp-content\/uploads\/2022\/03\/humanitas_logo_colorido_horizontal-300x124.png 300w, https:\/\/humanitasbrasilucrania.ong.br\/hbu\/wp-content\/uploads\/2022\/03\/humanitas_logo_colorido_horizontal-768x318.png 768w, https:\/\/humanitasbrasilucrania.ong.br\/hbu\/wp-content\/uploads\/2022\/03\/humanitas_logo_colorido_horizontal.png 1200w\" sizes=\"auto, (max-width: 640px) 100vw, 640px\" \/>\t\t\t\t\t\t\t\t<\/a>\n\t\t\t\t\t\t\t\t\t\t\t\t\t\t\t<\/div>\n\t\t\t\t<\/div>\n\t\t\t\t\t<\/div>\n\t\t<\/div>\n\t\t\t\t<div class=\"elementor-column elementor-col-50 elementor-top-column elementor-element elementor-element-fd77b66\" data-id=\"fd77b66\" data-element_type=\"column\">\n\t\t\t<div class=\"elementor-widget-wrap\">\n\t\t\t\t\t\t\t\t\t<\/div>\n\t\t<\/div>\n\t\t\t\t\t\t\t<\/div>\n\t\t<\/section>\n\t\t\t\t<section class=\"elementor-section elementor-top-section elementor-element elementor-element-dd4c415 elementor-section-boxed elementor-section-height-default elementor-section-height-default\" data-id=\"dd4c415\" data-element_type=\"section\">\n\t\t\t\t\t\t<div class=\"elementor-container elementor-column-gap-default\">\n\t\t\t\t\t<div class=\"elementor-column elementor-col-100 elementor-top-column elementor-element elementor-element-acac95d\" data-id=\"acac95d\" data-element_type=\"column\">\n\t\t\t<div class=\"elementor-widget-wrap elementor-element-populated\">\n\t\t\t\t\t\t\t\t<div class=\"elementor-element elementor-element-dae67b8 elementor-widget elementor-widget-spacer\" data-id=\"dae67b8\" data-element_type=\"widget\" data-widget_type=\"spacer.default\">\n\t\t\t\t<div class=\"elementor-widget-container\">\n\t\t\t\t\t<div class=\"elementor-spacer\">\n\t\t\t<div class=\"elementor-spacer-inner\"><\/div>\n\t\t<\/div>\n\t\t\t\t<\/div>\n\t\t\t\t<\/div>\n\t\t\t\t<div class=\"elementor-element elementor-element-77f6cc3 elementor-widget elementor-widget-image\" data-id=\"77f6cc3\" data-element_type=\"widget\" data-widget_type=\"image.default\">\n\t\t\t\t<div class=\"elementor-widget-container\">\n\t\t\t\t\t\t\t\t\t\t\t\t\t\t\t<img loading=\"lazy\" decoding=\"async\" width=\"640\" height=\"360\" src=\"https:\/\/humanitasbrasilucrania.ong.br\/hbu\/wp-content\/uploads\/2022\/05\/WhatsApp-Image-2022-05-24-at-17.27.00.jpeg\" class=\"attachment-large size-large\" alt=\"\" srcset=\"https:\/\/humanitasbrasilucrania.ong.br\/hbu\/wp-content\/uploads\/2022\/05\/WhatsApp-Image-2022-05-24-at-17.27.00.jpeg 640w, https:\/\/humanitasbrasilucrania.ong.br\/hbu\/wp-content\/uploads\/2022\/05\/WhatsApp-Image-2022-05-24-at-17.27.00-300x169.jpeg 300w\" sizes=\"auto, (max-width: 640px) 100vw, 640px\" \/>\t\t\t\t\t\t\t\t\t\t\t\t\t\t\t<\/div>\n\t\t\t\t<\/div>\n\t\t\t\t\t<\/div>\n\t\t<\/div>\n\t\t\t\t\t\t\t<\/div>\n\t\t<\/section>\n\t\t\t\t<section class=\"elementor-section elementor-top-section elementor-element elementor-element-69d2ea5 elementor-section-boxed elementor-section-height-default elementor-section-height-default\" data-id=\"69d2ea5\" data-element_type=\"section\">\n\t\t\t\t\t\t<div class=\"elementor-container elementor-column-gap-default\">\n\t\t\t\t\t<div class=\"elementor-column elementor-col-100 elementor-top-column elementor-element elementor-element-c8317cf\" data-id=\"c8317cf\" data-element_type=\"column\">\n\t\t\t<div class=\"elementor-widget-wrap elementor-element-populated\">\n\t\t\t\t\t\t\t\t<div class=\"elementor-element elementor-element-baf6567 elementor-widget elementor-widget-heading\" data-id=\"baf6567\" data-element_type=\"widget\" data-widget_type=\"heading.default\">\n\t\t\t\t<div class=\"elementor-widget-container\">\n\t\t\t<style>\/*! elementor - v3.6.4 - 13-04-2022 *\/\n.elementor-heading-title{padding:0;margin:0;line-height:1}.elementor-widget-heading .elementor-heading-title[class*=elementor-size-]>a{color:inherit;font-size:inherit;line-height:inherit}.elementor-widget-heading .elementor-heading-title.elementor-size-small{font-size:15px}.elementor-widget-heading .elementor-heading-title.elementor-size-medium{font-size:19px}.elementor-widget-heading .elementor-heading-title.elementor-size-large{font-size:29px}.elementor-widget-heading .elementor-heading-title.elementor-size-xl{font-size:39px}.elementor-widget-heading .elementor-heading-title.elementor-size-xxl{font-size:59px}<\/style><h2 class=\"elementor-heading-title elementor-size-default\">UFPR divulga edital para revalida\u00e7\u00e3o de diplomas de migrantes e refugiados<\/h2>\t\t<\/div>\n\t\t\t\t<\/div>\n\t\t\t\t<div class=\"elementor-element elementor-element-458ad3e elementor-widget elementor-widget-spacer\" data-id=\"458ad3e\" data-element_type=\"widget\" data-widget_type=\"spacer.default\">\n\t\t\t\t<div class=\"elementor-widget-container\">\n\t\t\t\t\t<div class=\"elementor-spacer\">\n\t\t\t<div class=\"elementor-spacer-inner\"><\/div>\n\t\t<\/div>\n\t\t\t\t<\/div>\n\t\t\t\t<\/div>\n\t\t\t\t<div class=\"elementor-element elementor-element-b9e0424 elementor-widget elementor-widget-text-editor\" data-id=\"b9e0424\" data-element_type=\"widget\" data-widget_type=\"text-editor.default\">\n\t\t\t\t<div class=\"elementor-widget-container\">\n\t\t\t<style>\/*! elementor - v3.6.4 - 13-04-2022 *\/\n.elementor-widget-text-editor.elementor-drop-cap-view-stacked .elementor-drop-cap{background-color:#818a91;color:#fff}.elementor-widget-text-editor.elementor-drop-cap-view-framed .elementor-drop-cap{color:#818a91;border:3px solid;background-color:transparent}.elementor-widget-text-editor:not(.elementor-drop-cap-view-default) .elementor-drop-cap{margin-top:8px}.elementor-widget-text-editor:not(.elementor-drop-cap-view-default) .elementor-drop-cap-letter{width:1em;height:1em}.elementor-widget-text-editor .elementor-drop-cap{float:left;text-align:center;line-height:1;font-size:50px}.elementor-widget-text-editor .elementor-drop-cap-letter{display:inline-block}<\/style>\t\t\t\t<p>A UFPR estabeleceu o prazo de 6 a 27 de junho (at\u00e9 as 14 horas) para receber pedidos de revalida\u00e7\u00e3o de diplomas de migrantes que vivam no Brasil com visto permanente por raz\u00f5es humanit\u00e1rias ou portadores do estado de refugiados \u2013 exceto diplomas de Medicina, cuja revalida\u00e7\u00e3o segue uma portaria interministerial espec\u00edfica. O edital com todas as normas do processo foi divulgado nesta segunda-feira (23\/05) e est\u00e1 dispon\u00edvel no site do N\u00facleo de Concursos da UFPR.<\/p><p>De acordo com o edital, poder\u00e3o solicitar revalida\u00e7\u00e3o migrantes e refugiados com \u201cdiplomas que correspondam, quanto ao curr\u00edculo, aos t\u00edtulos ou habilita\u00e7\u00f5es conferidas pela UFPR, entendida a equival\u00eancia em sentido amplo, de modo a abranger \u00e1rea cong\u00eaneres, similares ou afins\u201d.<\/p><p>A prova objetiva para os candidatos \u00e0 revalida\u00e7\u00e3o ocorrer\u00e1 no dia 28 de agosto. As provas pr\u00e1ticas, para os cursos que t\u00eam essa exig\u00eancia, ocorrer\u00e3o de 9 a 16 de outubro. A \u00faltima etapa, a da entrevista, est\u00e1 marcada para 9 de novembro. Todas as etapas s\u00e3o eliminat\u00f3rias e ocorrer\u00e3o em Curitiba.<\/p><p><strong>Clique no link abaixo e leia a mat\u00e9ria completa.<\/strong><\/p>\t\t\t\t\t\t<\/div>\n\t\t\t\t<\/div>\n\t\t\t\t\t<\/div>\n\t\t<\/div>\n\t\t\t\t\t\t\t<\/div>\n\t\t<\/section>\n\t\t\t\t<section class=\"elementor-section elementor-top-section elementor-element elementor-element-51ec4f1 elementor-section-boxed elementor-section-height-default elementor-section-height-default\" data-id=\"51ec4f1\" data-element_type=\"section\">\n\t\t\t\t\t\t<div class=\"elementor-container elementor-column-gap-default\">\n\t\t\t\t\t<div class=\"elementor-column elementor-col-100 elementor-top-column elementor-element elementor-element-898d0af\" data-id=\"898d0af\" data-element_type=\"column\">\n\t\t\t<div class=\"elementor-widget-wrap elementor-element-populated\">\n\t\t\t\t\t\t\t\t<div class=\"elementor-element elementor-element-d266505 elementor-button-info elementor-align-center elementor-widget elementor-widget-button\" data-id=\"d266505\" data-element_type=\"widget\" data-widget_type=\"button.default\">\n\t\t\t\t<div class=\"elementor-widget-container\">\n\t\t\t\t\t<div class=\"elementor-button-wrapper\">\n\t\t\t<a href=\"https:\/\/www.ufpr.br\/portalufpr\/noticias\/ufpr-divulga-edital-para-revalidacao-de-diplomas-de-migrantes-e-refugiados\/\" class=\"elementor-button-link elementor-button elementor-size-sm\" role=\"button\">\n\t\t\t\t\t\t<span class=\"elementor-button-content-wrapper\">\n\t\t\t\t\t\t<span class=\"elementor-button-text\">Confira a mat\u00e9ria completa aqui<\/span>\n\t\t<\/span>\n\t\t\t\t\t<\/a>\n\t\t<\/div>\n\t\t\t\t<\/div>\n\t\t\t\t<\/div>\n\t\t\t\t\t<\/div>\n\t\t<\/div>\n\t\t\t\t\t\t\t<\/div>\n\t\t<\/section>\n\t\t\t\t<section class=\"elementor-section elementor-top-section elementor-element elementor-element-d816264 elementor-section-boxed elementor-section-height-default elementor-section-height-default\" data-id=\"d816264\" data-element_type=\"section\">\n\t\t\t\t\t\t<div class=\"elementor-container elementor-column-gap-default\">\n\t\t\t\t\t<div class=\"elementor-column elementor-col-100 elementor-top-column elementor-element elementor-element-0b1fa8d\" data-id=\"0b1fa8d\" data-element_type=\"column\">\n\t\t\t<div class=\"elementor-widget-wrap elementor-element-populated\">\n\t\t\t\t\t\t\t\t<div class=\"elementor-element elementor-element-8cb09c4 elementor-widget elementor-widget-spacer\" data-id=\"8cb09c4\" data-element_type=\"widget\" data-widget_type=\"spacer.default\">\n\t\t\t\t<div class=\"elementor-widget-container\">\n\t\t\t\t\t<div class=\"elementor-spacer\">\n\t\t\t<div class=\"elementor-spacer-inner\"><\/div>\n\t\t<\/div>\n\t\t\t\t<\/div>\n\t\t\t\t<\/div>\n\t\t\t\t\t<\/div>\n\t\t<\/div>\n\t\t\t\t\t\t\t<\/div>\n\t\t<\/section>\n\t\t\t\t\t\t\t<\/div>\n\t\t","protected":false},"excerpt":{"rendered":"<p>A UFPR estabeleceu o prazo de 6 a 27 de junho (at\u00e9 as 14 horas) para receber pedidos de revalida\u00e7\u00e3o de diplomas de migrantes que vivam no Brasil com visto permanente por raz\u00f5es humanit\u00e1rias ou portadores do estado de refugiados \u2013 exceto diplomas de Medicina, cuja revalida\u00e7\u00e3o segue uma portaria interministerial espec\u00edfica.<\/p>\n","protected":false},"author":4,"featured_media":4515,"comment_status":"open","ping_status":"closed","sticky":false,"template":"elementor_canvas","format":"standard","meta":{"inline_featured_image":false,"_monsterinsights_skip_tracking":false,"footnotes":""},"categories":[1],"tags":[],"class_list":["post-4513","post","type-post","status-publish","format-standard","has-post-thumbnail","hentry","category-uncategorized"],"yoast_head":"<!-- This site is optimized with the Yoast SEO plugin v18.3 - https:\/\/yoast.com\/wordpress\/plugins\/seo\/ -->\n<title>UFPR divulga edital para revalida\u00e7\u00e3o de diplomas de migrantes e refugiados - Humanitas Brasil-Ucr\u00e2nia<\/title>\n<meta name=\"description\" content=\"Donec eget sagittis. Donec eget sagittis. Donec eget sagittis. Donec eget sagittis. Donec eget sagittis. Donec eget sagittis. Donec eget sagittis. Donec eget sagittis.\" \/>\n<meta name=\"robots\" content=\"index, follow, max-snippet:-1, max-image-preview:large, max-video-preview:-1\" \/>\n<link rel=\"canonical\" href=\"https:\/\/humanitasbrasilucrania.ong.br\/hbu\/index.php\/2022\/05\/30\/ufpr-divulga-edital-para-revalidacao-de-diplomas-de-migrantes-e-refugiados\/\" \/>\n<meta property=\"og:locale\" content=\"pt_BR\" \/>\n<meta property=\"og:type\" content=\"article\" \/>\n<meta property=\"og:title\" content=\"UFPR divulga edital para revalida\u00e7\u00e3o de diplomas de migrantes e refugiados - Humanitas Brasil-Ucr\u00e2nia\" \/>\n<meta property=\"og:description\" content=\"Donec eget sagittis. Donec eget sagittis. Donec eget sagittis. Donec eget sagittis. Donec eget sagittis. Donec eget sagittis. Donec eget sagittis. Donec eget sagittis.\" \/>\n<meta property=\"og:url\" content=\"https:\/\/humanitasbrasilucrania.ong.br\/hbu\/index.php\/2022\/05\/30\/ufpr-divulga-edital-para-revalidacao-de-diplomas-de-migrantes-e-refugiados\/\" \/>\n<meta property=\"og:site_name\" content=\"Humanitas Brasil-Ucr\u00e2nia\" \/>\n<meta property=\"article:publisher\" content=\"https:\/\/www.facebook.com\/humanitasbrasilucrania\" \/>\n<meta property=\"article:published_time\" content=\"2022-05-30T22:48:47+00:00\" \/>\n<meta property=\"article:modified_time\" content=\"2022-05-30T22:53:33+00:00\" \/>\n<meta property=\"og:image\" content=\"https:\/\/humanitasbrasilucrania.ong.br\/hbu\/wp-content\/uploads\/2022\/05\/WhatsApp-Image-2022-05-24-at-17.27.00.jpeg\" \/>\n\t<meta property=\"og:image:width\" content=\"640\" \/>\n\t<meta property=\"og:image:height\" content=\"360\" \/>\n\t<meta property=\"og:image:type\" content=\"image\/jpeg\" \/>\n<meta name=\"twitter:card\" content=\"summary_large_image\" \/>\n<meta name=\"twitter:label1\" content=\"Escrito por\" \/>\n\t<meta name=\"twitter:data1\" content=\"dani_eji0gumb\" \/>\n\t<meta name=\"twitter:label2\" content=\"Est. tempo de leitura\" \/>\n\t<meta name=\"twitter:data2\" content=\"4 minutos\" \/>\n<script type=\"application\/ld+json\" class=\"yoast-schema-graph\">{\"@context\":\"https:\/\/schema.org\",\"@graph\":[{\"@type\":\"Organization\",\"@id\":\"https:\/\/humanitasbrasilucrania.ong.br\/hbu\/#organization\",\"name\":\"Humanitas Brasil-Ucr\u00e2nia\",\"url\":\"https:\/\/humanitasbrasilucrania.ong.br\/hbu\/\",\"sameAs\":[\"https:\/\/www.facebook.com\/humanitasbrasilucrania\",\"https:\/\/www.instagram.com\/humanitasbrasilucrania\/\"],\"logo\":{\"@type\":\"ImageObject\",\"@id\":\"https:\/\/humanitasbrasilucrania.ong.br\/hbu\/#logo\",\"inLanguage\":\"pt-BR\",\"url\":\"https:\/\/humanitasbrasilucrania.ong.br\/hbu\/wp-content\/uploads\/2022\/03\/humanitas_logo_colorido_horizontal.png\",\"contentUrl\":\"https:\/\/humanitasbrasilucrania.ong.br\/hbu\/wp-content\/uploads\/2022\/03\/humanitas_logo_colorido_horizontal.png\",\"width\":1200,\"height\":497,\"caption\":\"Humanitas Brasil-Ucr\u00e2nia\"},\"image\":{\"@id\":\"https:\/\/humanitasbrasilucrania.ong.br\/hbu\/#logo\"}},{\"@type\":\"WebSite\",\"@id\":\"https:\/\/humanitasbrasilucrania.ong.br\/hbu\/#website\",\"url\":\"https:\/\/humanitasbrasilucrania.ong.br\/hbu\/\",\"name\":\"Humanitas Brasil-Ucr\u00e2nia\",\"description\":\"Humanitas Brazil-Ukraine Brotherhood - Respect - Unity - Action, Humanitas \u0411\u0440\u0430\u0437\u0438\u043b\u0456\u044f-\u0423\u043a\u0440\u0430\u0457\u043d\u0430 \u0411\u0440\u0430\u0442\u0435\u0440\u0441\u0442\u0432\u043e - \u041f\u043e\u0432\u0430\u0433\u0430 - \u0421\u043f\u043e\u043b\u0443\u043a\u0430 - \u0414\u0456\u044f, Humanitas Brasil-Ucr\u00e2nia Fraternidade - Respeito - Uni\u00e3o - A\u00e7\u00e3o\",\"publisher\":{\"@id\":\"https:\/\/humanitasbrasilucrania.ong.br\/hbu\/#organization\"},\"potentialAction\":[{\"@type\":\"SearchAction\",\"target\":{\"@type\":\"EntryPoint\",\"urlTemplate\":\"https:\/\/humanitasbrasilucrania.ong.br\/hbu\/?s={search_term_string}\"},\"query-input\":\"required name=search_term_string\"}],\"inLanguage\":\"pt-BR\"},{\"@type\":\"ImageObject\",\"@id\":\"https:\/\/humanitasbrasilucrania.ong.br\/hbu\/index.php\/2022\/05\/30\/ufpr-divulga-edital-para-revalidacao-de-diplomas-de-migrantes-e-refugiados\/#primaryimage\",\"inLanguage\":\"pt-BR\",\"url\":\"https:\/\/humanitasbrasilucrania.ong.br\/hbu\/wp-content\/uploads\/2022\/05\/WhatsApp-Image-2022-05-24-at-17.27.00.jpeg\",\"contentUrl\":\"https:\/\/humanitasbrasilucrania.ong.br\/hbu\/wp-content\/uploads\/2022\/05\/WhatsApp-Image-2022-05-24-at-17.27.00.jpeg\",\"width\":640,\"height\":360},{\"@type\":\"WebPage\",\"@id\":\"https:\/\/humanitasbrasilucrania.ong.br\/hbu\/index.php\/2022\/05\/30\/ufpr-divulga-edital-para-revalidacao-de-diplomas-de-migrantes-e-refugiados\/#webpage\",\"url\":\"https:\/\/humanitasbrasilucrania.ong.br\/hbu\/index.php\/2022\/05\/30\/ufpr-divulga-edital-para-revalidacao-de-diplomas-de-migrantes-e-refugiados\/\",\"name\":\"UFPR divulga edital para revalida\u00e7\u00e3o de diplomas de migrantes e refugiados - Humanitas Brasil-Ucr\u00e2nia\",\"isPartOf\":{\"@id\":\"https:\/\/humanitasbrasilucrania.ong.br\/hbu\/#website\"},\"primaryImageOfPage\":{\"@id\":\"https:\/\/humanitasbrasilucrania.ong.br\/hbu\/index.php\/2022\/05\/30\/ufpr-divulga-edital-para-revalidacao-de-diplomas-de-migrantes-e-refugiados\/#primaryimage\"},\"datePublished\":\"2022-05-30T22:48:47+00:00\",\"dateModified\":\"2022-05-30T22:53:33+00:00\",\"description\":\"Donec eget sagittis. Donec eget sagittis. Donec eget sagittis. Donec eget sagittis. Donec eget sagittis. Donec eget sagittis. Donec eget sagittis. Donec eget sagittis.\",\"breadcrumb\":{\"@id\":\"https:\/\/humanitasbrasilucrania.ong.br\/hbu\/index.php\/2022\/05\/30\/ufpr-divulga-edital-para-revalidacao-de-diplomas-de-migrantes-e-refugiados\/#breadcrumb\"},\"inLanguage\":\"pt-BR\",\"potentialAction\":[{\"@type\":\"ReadAction\",\"target\":[\"https:\/\/humanitasbrasilucrania.ong.br\/hbu\/index.php\/2022\/05\/30\/ufpr-divulga-edital-para-revalidacao-de-diplomas-de-migrantes-e-refugiados\/\"]}]},{\"@type\":\"BreadcrumbList\",\"@id\":\"https:\/\/humanitasbrasilucrania.ong.br\/hbu\/index.php\/2022\/05\/30\/ufpr-divulga-edital-para-revalidacao-de-diplomas-de-migrantes-e-refugiados\/#breadcrumb\",\"itemListElement\":[{\"@type\":\"ListItem\",\"position\":1,\"name\":\"In\u00edcio\",\"item\":\"https:\/\/humanitasbrasilucrania.ong.br\/hbu\/\"},{\"@type\":\"ListItem\",\"position\":2,\"name\":\"UFPR divulga edital para revalida\u00e7\u00e3o de diplomas de migrantes e refugiados\"}]},{\"@type\":\"Article\",\"@id\":\"https:\/\/humanitasbrasilucrania.ong.br\/hbu\/index.php\/2022\/05\/30\/ufpr-divulga-edital-para-revalidacao-de-diplomas-de-migrantes-e-refugiados\/#article\",\"isPartOf\":{\"@id\":\"https:\/\/humanitasbrasilucrania.ong.br\/hbu\/index.php\/2022\/05\/30\/ufpr-divulga-edital-para-revalidacao-de-diplomas-de-migrantes-e-refugiados\/#webpage\"},\"author\":{\"@id\":\"https:\/\/humanitasbrasilucrania.ong.br\/hbu\/#\/schema\/person\/a0d3c1a8632a75d18f7141f80cc527ce\"},\"headline\":\"UFPR divulga edital para revalida\u00e7\u00e3o de diplomas de migrantes e refugiados\",\"datePublished\":\"2022-05-30T22:48:47+00:00\",\"dateModified\":\"2022-05-30T22:53:33+00:00\",\"mainEntityOfPage\":{\"@id\":\"https:\/\/humanitasbrasilucrania.ong.br\/hbu\/index.php\/2022\/05\/30\/ufpr-divulga-edital-para-revalidacao-de-diplomas-de-migrantes-e-refugiados\/#webpage\"},\"wordCount\":303,\"commentCount\":0,\"publisher\":{\"@id\":\"https:\/\/humanitasbrasilucrania.ong.br\/hbu\/#organization\"},\"image\":{\"@id\":\"https:\/\/humanitasbrasilucrania.ong.br\/hbu\/index.php\/2022\/05\/30\/ufpr-divulga-edital-para-revalidacao-de-diplomas-de-migrantes-e-refugiados\/#primaryimage\"},\"thumbnailUrl\":\"https:\/\/humanitasbrasilucrania.ong.br\/hbu\/wp-content\/uploads\/2022\/05\/WhatsApp-Image-2022-05-24-at-17.27.00.jpeg\",\"articleSection\":[\"Uncategorized\"],\"inLanguage\":\"pt-BR\",\"potentialAction\":[{\"@type\":\"CommentAction\",\"name\":\"Comment\",\"target\":[\"https:\/\/humanitasbrasilucrania.ong.br\/hbu\/index.php\/2022\/05\/30\/ufpr-divulga-edital-para-revalidacao-de-diplomas-de-migrantes-e-refugiados\/#respond\"]}]},{\"@type\":\"Person\",\"@id\":\"https:\/\/humanitasbrasilucrania.ong.br\/hbu\/#\/schema\/person\/a0d3c1a8632a75d18f7141f80cc527ce\",\"name\":\"dani_eji0gumb\",\"image\":{\"@type\":\"ImageObject\",\"@id\":\"https:\/\/humanitasbrasilucrania.ong.br\/hbu\/#personlogo\",\"inLanguage\":\"pt-BR\",\"url\":\"https:\/\/secure.gravatar.com\/avatar\/ab84896c903767c065a76ffa012627175c2fd656b6ddc6d7ff42857bbbc36b5d?s=96&d=mm&r=g\",\"contentUrl\":\"https:\/\/secure.gravatar.com\/avatar\/ab84896c903767c065a76ffa012627175c2fd656b6ddc6d7ff42857bbbc36b5d?s=96&d=mm&r=g\",\"caption\":\"dani_eji0gumb\"},\"url\":\"https:\/\/humanitasbrasilucrania.ong.br\/hbu\/index.php\/author\/dani_eji0gumb\/\"}]}<\/script>\n<!-- \/ Yoast SEO plugin. -->","yoast_head_json":{"title":"UFPR divulga edital para revalida\u00e7\u00e3o de diplomas de migrantes e refugiados - Humanitas Brasil-Ucr\u00e2nia","description":"Donec eget sagittis. Donec eget sagittis. Donec eget sagittis. Donec eget sagittis. Donec eget sagittis. Donec eget sagittis. Donec eget sagittis. Donec eget sagittis.","robots":{"index":"index","follow":"follow","max-snippet":"max-snippet:-1","max-image-preview":"max-image-preview:large","max-video-preview":"max-video-preview:-1"},"canonical":"https:\/\/humanitasbrasilucrania.ong.br\/hbu\/index.php\/2022\/05\/30\/ufpr-divulga-edital-para-revalidacao-de-diplomas-de-migrantes-e-refugiados\/","og_locale":"pt_BR","og_type":"article","og_title":"UFPR divulga edital para revalida\u00e7\u00e3o de diplomas de migrantes e refugiados - Humanitas Brasil-Ucr\u00e2nia","og_description":"Donec eget sagittis. Donec eget sagittis. Donec eget sagittis. Donec eget sagittis. Donec eget sagittis. Donec eget sagittis. Donec eget sagittis. Donec eget sagittis.","og_url":"https:\/\/humanitasbrasilucrania.ong.br\/hbu\/index.php\/2022\/05\/30\/ufpr-divulga-edital-para-revalidacao-de-diplomas-de-migrantes-e-refugiados\/","og_site_name":"Humanitas Brasil-Ucr\u00e2nia","article_publisher":"https:\/\/www.facebook.com\/humanitasbrasilucrania","article_published_time":"2022-05-30T22:48:47+00:00","article_modified_time":"2022-05-30T22:53:33+00:00","og_image":[{"width":640,"height":360,"url":"https:\/\/humanitasbrasilucrania.ong.br\/hbu\/wp-content\/uploads\/2022\/05\/WhatsApp-Image-2022-05-24-at-17.27.00.jpeg","type":"image\/jpeg"}],"twitter_card":"summary_large_image","twitter_misc":{"Escrito por":"dani_eji0gumb","Est. tempo de leitura":"4 minutos"},"schema":{"@context":"https:\/\/schema.org","@graph":[{"@type":"Organization","@id":"https:\/\/humanitasbrasilucrania.ong.br\/hbu\/#organization","name":"Humanitas Brasil-Ucr\u00e2nia","url":"https:\/\/humanitasbrasilucrania.ong.br\/hbu\/","sameAs":["https:\/\/www.facebook.com\/humanitasbrasilucrania","https:\/\/www.instagram.com\/humanitasbrasilucrania\/"],"logo":{"@type":"ImageObject","@id":"https:\/\/humanitasbrasilucrania.ong.br\/hbu\/#logo","inLanguage":"pt-BR","url":"https:\/\/humanitasbrasilucrania.ong.br\/hbu\/wp-content\/uploads\/2022\/03\/humanitas_logo_colorido_horizontal.png","contentUrl":"https:\/\/humanitasbrasilucrania.ong.br\/hbu\/wp-content\/uploads\/2022\/03\/humanitas_logo_colorido_horizontal.png","width":1200,"height":497,"caption":"Humanitas Brasil-Ucr\u00e2nia"},"image":{"@id":"https:\/\/humanitasbrasilucrania.ong.br\/hbu\/#logo"}},{"@type":"WebSite","@id":"https:\/\/humanitasbrasilucrania.ong.br\/hbu\/#website","url":"https:\/\/humanitasbrasilucrania.ong.br\/hbu\/","name":"Humanitas Brasil-Ucr\u00e2nia","description":"Humanitas Brazil-Ukraine Brotherhood - Respect - Unity - Action, Humanitas \u0411\u0440\u0430\u0437\u0438\u043b\u0456\u044f-\u0423\u043a\u0440\u0430\u0457\u043d\u0430 \u0411\u0440\u0430\u0442\u0435\u0440\u0441\u0442\u0432\u043e - \u041f\u043e\u0432\u0430\u0433\u0430 - \u0421\u043f\u043e\u043b\u0443\u043a\u0430 - \u0414\u0456\u044f, Humanitas Brasil-Ucr\u00e2nia Fraternidade - Respeito - Uni\u00e3o - A\u00e7\u00e3o","publisher":{"@id":"https:\/\/humanitasbrasilucrania.ong.br\/hbu\/#organization"},"potentialAction":[{"@type":"SearchAction","target":{"@type":"EntryPoint","urlTemplate":"https:\/\/humanitasbrasilucrania.ong.br\/hbu\/?s={search_term_string}"},"query-input":"required name=search_term_string"}],"inLanguage":"pt-BR"},{"@type":"ImageObject","@id":"https:\/\/humanitasbrasilucrania.ong.br\/hbu\/index.php\/2022\/05\/30\/ufpr-divulga-edital-para-revalidacao-de-diplomas-de-migrantes-e-refugiados\/#primaryimage","inLanguage":"pt-BR","url":"https:\/\/humanitasbrasilucrania.ong.br\/hbu\/wp-content\/uploads\/2022\/05\/WhatsApp-Image-2022-05-24-at-17.27.00.jpeg","contentUrl":"https:\/\/humanitasbrasilucrania.ong.br\/hbu\/wp-content\/uploads\/2022\/05\/WhatsApp-Image-2022-05-24-at-17.27.00.jpeg","width":640,"height":360},{"@type":"WebPage","@id":"https:\/\/humanitasbrasilucrania.ong.br\/hbu\/index.php\/2022\/05\/30\/ufpr-divulga-edital-para-revalidacao-de-diplomas-de-migrantes-e-refugiados\/#webpage","url":"https:\/\/humanitasbrasilucrania.ong.br\/hbu\/index.php\/2022\/05\/30\/ufpr-divulga-edital-para-revalidacao-de-diplomas-de-migrantes-e-refugiados\/","name":"UFPR divulga edital para revalida\u00e7\u00e3o de diplomas de migrantes e refugiados - Humanitas Brasil-Ucr\u00e2nia","isPartOf":{"@id":"https:\/\/humanitasbrasilucrania.ong.br\/hbu\/#website"},"primaryImageOfPage":{"@id":"https:\/\/humanitasbrasilucrania.ong.br\/hbu\/index.php\/2022\/05\/30\/ufpr-divulga-edital-para-revalidacao-de-diplomas-de-migrantes-e-refugiados\/#primaryimage"},"datePublished":"2022-05-30T22:48:47+00:00","dateModified":"2022-05-30T22:53:33+00:00","description":"Donec eget sagittis. Donec eget sagittis. Donec eget sagittis. Donec eget sagittis. Donec eget sagittis. Donec eget sagittis. Donec eget sagittis. Donec eget sagittis.","breadcrumb":{"@id":"https:\/\/humanitasbrasilucrania.ong.br\/hbu\/index.php\/2022\/05\/30\/ufpr-divulga-edital-para-revalidacao-de-diplomas-de-migrantes-e-refugiados\/#breadcrumb"},"inLanguage":"pt-BR","potentialAction":[{"@type":"ReadAction","target":["https:\/\/humanitasbrasilucrania.ong.br\/hbu\/index.php\/2022\/05\/30\/ufpr-divulga-edital-para-revalidacao-de-diplomas-de-migrantes-e-refugiados\/"]}]},{"@type":"BreadcrumbList","@id":"https:\/\/humanitasbrasilucrania.ong.br\/hbu\/index.php\/2022\/05\/30\/ufpr-divulga-edital-para-revalidacao-de-diplomas-de-migrantes-e-refugiados\/#breadcrumb","itemListElement":[{"@type":"ListItem","position":1,"name":"In\u00edcio","item":"https:\/\/humanitasbrasilucrania.ong.br\/hbu\/"},{"@type":"ListItem","position":2,"name":"UFPR divulga edital para revalida\u00e7\u00e3o de diplomas de migrantes e refugiados"}]},{"@type":"Article","@id":"https:\/\/humanitasbrasilucrania.ong.br\/hbu\/index.php\/2022\/05\/30\/ufpr-divulga-edital-para-revalidacao-de-diplomas-de-migrantes-e-refugiados\/#article","isPartOf":{"@id":"https:\/\/humanitasbrasilucrania.ong.br\/hbu\/index.php\/2022\/05\/30\/ufpr-divulga-edital-para-revalidacao-de-diplomas-de-migrantes-e-refugiados\/#webpage"},"author":{"@id":"https:\/\/humanitasbrasilucrania.ong.br\/hbu\/#\/schema\/person\/a0d3c1a8632a75d18f7141f80cc527ce"},"headline":"UFPR divulga edital para revalida\u00e7\u00e3o de diplomas de migrantes e refugiados","datePublished":"2022-05-30T22:48:47+00:00","dateModified":"2022-05-30T22:53:33+00:00","mainEntityOfPage":{"@id":"https:\/\/humanitasbrasilucrania.ong.br\/hbu\/index.php\/2022\/05\/30\/ufpr-divulga-edital-para-revalidacao-de-diplomas-de-migrantes-e-refugiados\/#webpage"},"wordCount":303,"commentCount":0,"publisher":{"@id":"https:\/\/humanitasbrasilucrania.ong.br\/hbu\/#organization"},"image":{"@id":"https:\/\/humanitasbrasilucrania.ong.br\/hbu\/index.php\/2022\/05\/30\/ufpr-divulga-edital-para-revalidacao-de-diplomas-de-migrantes-e-refugiados\/#primaryimage"},"thumbnailUrl":"https:\/\/humanitasbrasilucrania.ong.br\/hbu\/wp-content\/uploads\/2022\/05\/WhatsApp-Image-2022-05-24-at-17.27.00.jpeg","articleSection":["Uncategorized"],"inLanguage":"pt-BR","potentialAction":[{"@type":"CommentAction","name":"Comment","target":["https:\/\/humanitasbrasilucrania.ong.br\/hbu\/index.php\/2022\/05\/30\/ufpr-divulga-edital-para-revalidacao-de-diplomas-de-migrantes-e-refugiados\/#respond"]}]},{"@type":"Person","@id":"https:\/\/humanitasbrasilucrania.ong.br\/hbu\/#\/schema\/person\/a0d3c1a8632a75d18f7141f80cc527ce","name":"dani_eji0gumb","image":{"@type":"ImageObject","@id":"https:\/\/humanitasbrasilucrania.ong.br\/hbu\/#personlogo","inLanguage":"pt-BR","url":"https:\/\/secure.gravatar.com\/avatar\/ab84896c903767c065a76ffa012627175c2fd656b6ddc6d7ff42857bbbc36b5d?s=96&d=mm&r=g","contentUrl":"https:\/\/secure.gravatar.com\/avatar\/ab84896c903767c065a76ffa012627175c2fd656b6ddc6d7ff42857bbbc36b5d?s=96&d=mm&r=g","caption":"dani_eji0gumb"},"url":"https:\/\/humanitasbrasilucrania.ong.br\/hbu\/index.php\/author\/dani_eji0gumb\/"}]}},"jetpack_featured_media_url":"https:\/\/humanitasbrasilucrania.ong.br\/hbu\/wp-content\/uploads\/2022\/05\/WhatsApp-Image-2022-05-24-at-17.27.00.jpeg","_links":{"self":[{"href":"https:\/\/humanitasbrasilucrania.ong.br\/hbu\/index.php\/wp-json\/wp\/v2\/posts\/4513","targetHints":{"allow":["GET"]}}],"collection":[{"href":"https:\/\/humanitasbrasilucrania.ong.br\/hbu\/index.php\/wp-json\/wp\/v2\/posts"}],"about":[{"href":"https:\/\/humanitasbrasilucrania.ong.br\/hbu\/index.php\/wp-json\/wp\/v2\/types\/post"}],"author":[{"embeddable":true,"href":"https:\/\/humanitasbrasilucrania.ong.br\/hbu\/index.php\/wp-json\/wp\/v2\/users\/4"}],"replies":[{"embeddable":true,"href":"https:\/\/humanitasbrasilucrania.ong.br\/hbu\/index.php\/wp-json\/wp\/v2\/comments?post=4513"}],"version-history":[{"count":11,"href":"https:\/\/humanitasbrasilucrania.ong.br\/hbu\/index.php\/wp-json\/wp\/v2\/posts\/4513\/revisions"}],"predecessor-version":[{"id":4525,"href":"https:\/\/humanitasbrasilucrania.ong.br\/hbu\/index.php\/wp-json\/wp\/v2\/posts\/4513\/revisions\/4525"}],"wp:featuredmedia":[{"embeddable":true,"href":"https:\/\/humanitasbrasilucrania.ong.br\/hbu\/index.php\/wp-json\/wp\/v2\/media\/4515"}],"wp:attachment":[{"href":"https:\/\/humanitasbrasilucrania.ong.br\/hbu\/index.php\/wp-json\/wp\/v2\/media?parent=4513"}],"wp:term":[{"taxonomy":"category","embeddable":true,"href":"https:\/\/humanitasbrasilucrania.ong.br\/hbu\/index.php\/wp-json\/wp\/v2\/categories?post=4513"},{"taxonomy":"post_tag","embeddable":true,"href":"https:\/\/humanitasbrasilucrania.ong.br\/hbu\/index.php\/wp-json\/wp\/v2\/tags?post=4513"}],"curies":[{"name":"wp","href":"https:\/\/api.w.org\/{rel}","templated":true}]}}